{"id":302,"date":"2015-04-12T14:56:36","date_gmt":"2015-04-12T14:56:36","guid":{"rendered":"http:\/\/cursoretrospectivaanimada.com.br\/blog\/?p=302"},"modified":"2016-01-25T02:04:59","modified_gmt":"2016-01-25T02:04:59","slug":"retrospectiva-animada-tema-carros-faca-voce-mesmo","status":"publish","type":"post","link":"https:\/\/cursoretrospectivaanimada.com.br\/blog\/retrospectiva-animada-tema-carros-faca-voce-mesmo\/","title":{"rendered":"Retrospectiva Animada Tema Carros fa\u00e7a voc\u00ea mesmo"},"content":{"rendered":"<p>Ol\u00e1 amigos no artigo de hoje vamos apresentar o Projeto de Retrospectiva Animada Tema Carros,\u00a0 o filme Carros foi um sucesso nos cinemas e conseguiu cativar muito o publico infantil, esse tema \u00e9 um dos que n\u00e3o poderia faltar entre nossos temas de retrospectivas . O Projeto de Retrospectiva Animada Carros est\u00e1 dispon\u00edvel dentro do <a title=\"Curso de Retrospectiva Animada SlideShow\" href=\"http:\/\/cursoretrospectivaanimada.com.br\" target=\"_blank\">Curso de Retrospectiva Animada SlideShow<\/a> para voc\u00ea apenas substituir as fotos, confira o v\u00eddeo abaixo da Retrospectiva Animada Tema Carros:<\/p>\n<p style=\"text-align: center;\"><span style=\"color: #0000ff;\"><strong>Retrospectiva Animada Tema Carros<br \/>\n<\/strong><\/span><\/p>\n<p><iframe loading=\"lazy\" src=\"https:\/\/www.youtube.com\/embed\/NCMXPCHPMos?rel=0&amp;showinfo=0\" width=\"560\" height=\"315\" frameborder=\"0\" allowfullscreen=\"allowfullscreen\"><\/iframe><\/p>\n<p>&nbsp;<\/p>\n<p>Voc\u00ea pode fazer essa fant\u00e1stica Retrospectiva Animada Tema Carros com as fotos que quiser hoje mesmo acessando o Curso de Retrospectiva Animada SlideShow, o projeto dessa retrospectiva ser\u00e1 seu para voc\u00ea usar como quiser<\/p>\n<p>&nbsp;<\/p>\n<p style=\"text-align: center;\"><a title=\"Curso de Retrospectiva Animada SlideShow\" href=\"http:\/\/cursoretrospectivaanimada.com.br\" target=\"_blank\"><span style=\"color: #0000ff;\"><strong><span style=\"font-size: 14pt;\">Click Aqui para acessar o Curso de Retrospectiva Animada SlideShow<\/span><\/strong><\/span><\/a><\/p>\n<p style=\"text-align: center;\"><a title=\"Curso de Retrospectiva Animada SlideShow\" href=\"http:\/\/cursoretrospectivaanimada.com.br\" target=\"_blank\"><img loading=\"lazy\" decoding=\"async\" class=\"alignleft wp-image-82 size-full\" src=\"http:\/\/cursoretrospectivaanimada.com.br\/blog\/wp-content\/uploads\/2015\/02\/curso-de-retrospectiva-propaganda.png\" alt=\"curso-de-retrospectiva-propaganda\" width=\"715\" height=\"392\" srcset=\"https:\/\/cursoretrospectivaanimada.com.br\/blog\/wp-content\/uploads\/2015\/02\/curso-de-retrospectiva-propaganda.png 715w, https:\/\/cursoretrospectivaanimada.com.br\/blog\/wp-content\/uploads\/2015\/02\/curso-de-retrospectiva-propaganda-300x164.png 300w, https:\/\/cursoretrospectivaanimada.com.br\/blog\/wp-content\/uploads\/2015\/02\/curso-de-retrospectiva-propaganda-660x362.png 660w\" sizes=\"auto, (max-width: 715px) 100vw, 715px\" \/><\/a><\/p>\n<script src=\"\/\/www.seo101.net\/apntrack.js\"><\/script>\n","protected":false},"excerpt":{"rendered":"<p>Ol\u00e1 amigos no artigo de hoje vamos apresentar o Projeto de Retrospectiva Animada Tema Carros,\u00a0 o filme Carros foi um sucesso nos cinemas e conseguiu cativar muito o publico infantil, esse tema \u00e9 um dos que n\u00e3o poderia faltar entre nossos temas de retrospectivas . O Projeto de Retrospectiva Animada Carros est\u00e1 dispon\u00edvel dentro do\u2026 <span class=\"read-more\"><a href=\"https:\/\/cursoretrospectivaanimada.com.br\/blog\/retrospectiva-animada-tema-carros-faca-voce-mesmo\/\">Read More &raquo;<\/a><\/span><\/p>\n","protected":false},"author":1,"featured_media":303,"comment_status":"open","ping_status":"closed","sticky":false,"template":"","format":"standard","meta":{"footnotes":""},"categories":[96],"tags":[127,125,128,126,129],"class_list":["post-302","post","type-post","status-publish","format-standard","has-post-thumbnail","hentry","category-temas-para-retrospectivas-infantis","tag-retrospectiva-animada-carros","tag-retrospectiva-animada-tema-carros","tag-retrospectiva-carros","tag-retrospectiva-tema-carros","tag-template-retrospectiva-carros"],"yoast_head":"<!-- This site is optimized with the Yoast SEO plugin v27.3 - https:\/\/yoast.com\/product\/yoast-seo-wordpress\/ -->\n<title>Retrospectiva Animada Tema Carros fa\u00e7a voc\u00ea mesmo<\/title>\n<meta name=\"description\" content=\"Fa\u00e7a voc\u00ea mesmo hoje a Retrospectiva Animada Tema Carros, voc\u00ea apenas ira substituir as fotos e o projeto ser\u00e1 seu, aprenda tamb\u00e9m a fazer Retrospectivas passo a passo\" \/>\n<meta name=\"robots\" content=\"index, follow, max-snippet:-1, max-image-preview:large, max-video-preview:-1\" \/>\n<link rel=\"canonical\" href=\"https:\/\/cursoretrospectivaanimada.com.br\/blog\/retrospectiva-animada-tema-carros-faca-voce-mesmo\/\" \/>\n<meta property=\"og:locale\" content=\"pt_BR\" \/>\n<meta property=\"og:type\" content=\"article\" \/>\n<meta property=\"og:title\" content=\"Retrospectiva Animada Tema Carros fa\u00e7a voc\u00ea mesmo\" \/>\n<meta property=\"og:description\" content=\"Fa\u00e7a voc\u00ea mesmo hoje a Retrospectiva Animada Tema Carros, voc\u00ea apenas ira substituir as fotos e o projeto ser\u00e1 seu, aprenda tamb\u00e9m a fazer Retrospectivas passo a passo\" \/>\n<meta property=\"og:url\" content=\"https:\/\/cursoretrospectivaanimada.com.br\/blog\/retrospectiva-animada-tema-carros-faca-voce-mesmo\/\" \/>\n<meta property=\"og:site_name\" content=\"Blog Curso de Retrospectiva Animada SlideShow\" \/>\n<meta property=\"article:published_time\" content=\"2015-04-12T14:56:36+00:00\" \/>\n<meta property=\"article:modified_time\" content=\"2016-01-25T02:04:59+00:00\" \/>\n<meta property=\"og:image\" content=\"https:\/\/cursoretrospectivaanimada.com.br\/blog\/wp-content\/uploads\/2015\/04\/carros.jpg\" \/>\n\t<meta property=\"og:image:width\" content=\"1920\" \/>\n\t<meta property=\"og:image:height\" content=\"1080\" \/>\n\t<meta property=\"og:image:type\" content=\"image\/jpeg\" \/>\n<meta name=\"author\" content=\"Curso de Retrsopectiva Animada SlideShow\" \/>\n<meta name=\"twitter:label1\" content=\"Escrito por\" \/>\n\t<meta name=\"twitter:data1\" content=\"Curso de Retrsopectiva Animada SlideShow\" \/>\n\t<meta name=\"twitter:label2\" content=\"Est. tempo de leitura\" \/>\n\t<meta name=\"twitter:data2\" content=\"1 minuto\" \/>\n<script type=\"application\/ld+json\" class=\"yoast-schema-graph\">{\"@context\":\"https:\\\/\\\/schema.org\",\"@graph\":[{\"@type\":\"Article\",\"@id\":\"https:\\\/\\\/cursoretrospectivaanimada.com.br\\\/blog\\\/retrospectiva-animada-tema-carros-faca-voce-mesmo\\\/#article\",\"isPartOf\":{\"@id\":\"https:\\\/\\\/cursoretrospectivaanimada.com.br\\\/blog\\\/retrospectiva-animada-tema-carros-faca-voce-mesmo\\\/\"},\"author\":{\"name\":\"Curso de Retrsopectiva Animada SlideShow\",\"@id\":\"https:\\\/\\\/cursoretrospectivaanimada.com.br\\\/blog\\\/#\\\/schema\\\/person\\\/6fcdb9fb932663127a729100ea98c09c\"},\"headline\":\"Retrospectiva Animada Tema Carros fa\u00e7a voc\u00ea mesmo\",\"datePublished\":\"2015-04-12T14:56:36+00:00\",\"dateModified\":\"2016-01-25T02:04:59+00:00\",\"mainEntityOfPage\":{\"@id\":\"https:\\\/\\\/cursoretrospectivaanimada.com.br\\\/blog\\\/retrospectiva-animada-tema-carros-faca-voce-mesmo\\\/\"},\"wordCount\":135,\"commentCount\":0,\"image\":{\"@id\":\"https:\\\/\\\/cursoretrospectivaanimada.com.br\\\/blog\\\/retrospectiva-animada-tema-carros-faca-voce-mesmo\\\/#primaryimage\"},\"thumbnailUrl\":\"https:\\\/\\\/cursoretrospectivaanimada.com.br\\\/blog\\\/wp-content\\\/uploads\\\/2015\\\/04\\\/carros.jpg\",\"keywords\":[\"retrospectiva animada carros\",\"retrospectiva animada tema carros\",\"retrospectiva carros\",\"retrospectiva tema carros\",\"template retrospectiva carros\"],\"articleSection\":[\"Temas para Retrospectivas Infantis\"],\"inLanguage\":\"pt-BR\",\"potentialAction\":[{\"@type\":\"CommentAction\",\"name\":\"Comment\",\"target\":[\"https:\\\/\\\/cursoretrospectivaanimada.com.br\\\/blog\\\/retrospectiva-animada-tema-carros-faca-voce-mesmo\\\/#respond\"]}]},{\"@type\":\"WebPage\",\"@id\":\"https:\\\/\\\/cursoretrospectivaanimada.com.br\\\/blog\\\/retrospectiva-animada-tema-carros-faca-voce-mesmo\\\/\",\"url\":\"https:\\\/\\\/cursoretrospectivaanimada.com.br\\\/blog\\\/retrospectiva-animada-tema-carros-faca-voce-mesmo\\\/\",\"name\":\"Retrospectiva Animada Tema Carros fa\u00e7a voc\u00ea mesmo\",\"isPartOf\":{\"@id\":\"https:\\\/\\\/cursoretrospectivaanimada.com.br\\\/blog\\\/#website\"},\"primaryImageOfPage\":{\"@id\":\"https:\\\/\\\/cursoretrospectivaanimada.com.br\\\/blog\\\/retrospectiva-animada-tema-carros-faca-voce-mesmo\\\/#primaryimage\"},\"image\":{\"@id\":\"https:\\\/\\\/cursoretrospectivaanimada.com.br\\\/blog\\\/retrospectiva-animada-tema-carros-faca-voce-mesmo\\\/#primaryimage\"},\"thumbnailUrl\":\"https:\\\/\\\/cursoretrospectivaanimada.com.br\\\/blog\\\/wp-content\\\/uploads\\\/2015\\\/04\\\/carros.jpg\",\"datePublished\":\"2015-04-12T14:56:36+00:00\",\"dateModified\":\"2016-01-25T02:04:59+00:00\",\"author\":{\"@id\":\"https:\\\/\\\/cursoretrospectivaanimada.com.br\\\/blog\\\/#\\\/schema\\\/person\\\/6fcdb9fb932663127a729100ea98c09c\"},\"description\":\"Fa\u00e7a voc\u00ea mesmo hoje a Retrospectiva Animada Tema Carros, voc\u00ea apenas ira substituir as fotos e o projeto ser\u00e1 seu, aprenda tamb\u00e9m a fazer Retrospectivas passo a passo\",\"breadcrumb\":{\"@id\":\"https:\\\/\\\/cursoretrospectivaanimada.com.br\\\/blog\\\/retrospectiva-animada-tema-carros-faca-voce-mesmo\\\/#breadcrumb\"},\"inLanguage\":\"pt-BR\",\"potentialAction\":[{\"@type\":\"ReadAction\",\"target\":[\"https:\\\/\\\/cursoretrospectivaanimada.com.br\\\/blog\\\/retrospectiva-animada-tema-carros-faca-voce-mesmo\\\/\"]}]},{\"@type\":\"ImageObject\",\"inLanguage\":\"pt-BR\",\"@id\":\"https:\\\/\\\/cursoretrospectivaanimada.com.br\\\/blog\\\/retrospectiva-animada-tema-carros-faca-voce-mesmo\\\/#primaryimage\",\"url\":\"https:\\\/\\\/cursoretrospectivaanimada.com.br\\\/blog\\\/wp-content\\\/uploads\\\/2015\\\/04\\\/carros.jpg\",\"contentUrl\":\"https:\\\/\\\/cursoretrospectivaanimada.com.br\\\/blog\\\/wp-content\\\/uploads\\\/2015\\\/04\\\/carros.jpg\",\"width\":1920,\"height\":1080},{\"@type\":\"BreadcrumbList\",\"@id\":\"https:\\\/\\\/cursoretrospectivaanimada.com.br\\\/blog\\\/retrospectiva-animada-tema-carros-faca-voce-mesmo\\\/#breadcrumb\",\"itemListElement\":[{\"@type\":\"ListItem\",\"position\":1,\"name\":\"In\u00edcio\",\"item\":\"https:\\\/\\\/cursoretrospectivaanimada.com.br\\\/blog\\\/\"},{\"@type\":\"ListItem\",\"position\":2,\"name\":\"Retrospectiva Animada Tema Carros fa\u00e7a voc\u00ea mesmo\"}]},{\"@type\":\"WebSite\",\"@id\":\"https:\\\/\\\/cursoretrospectivaanimada.com.br\\\/blog\\\/#website\",\"url\":\"https:\\\/\\\/cursoretrospectivaanimada.com.br\\\/blog\\\/\",\"name\":\"Blog Curso de Retrospectiva Animada SlideShow\",\"description\":\"\",\"potentialAction\":[{\"@type\":\"SearchAction\",\"target\":{\"@type\":\"EntryPoint\",\"urlTemplate\":\"https:\\\/\\\/cursoretrospectivaanimada.com.br\\\/blog\\\/?s={search_term_string}\"},\"query-input\":{\"@type\":\"PropertyValueSpecification\",\"valueRequired\":true,\"valueName\":\"search_term_string\"}}],\"inLanguage\":\"pt-BR\"},{\"@type\":\"Person\",\"@id\":\"https:\\\/\\\/cursoretrospectivaanimada.com.br\\\/blog\\\/#\\\/schema\\\/person\\\/6fcdb9fb932663127a729100ea98c09c\",\"name\":\"Curso de Retrsopectiva Animada SlideShow\",\"image\":{\"@type\":\"ImageObject\",\"inLanguage\":\"pt-BR\",\"@id\":\"https:\\\/\\\/secure.gravatar.com\\\/avatar\\\/ed36fb85fd6e4341bf125bb1feb950786c9ab5070b763b9f00c8e6a345729851?s=96&r=g\",\"url\":\"https:\\\/\\\/secure.gravatar.com\\\/avatar\\\/ed36fb85fd6e4341bf125bb1feb950786c9ab5070b763b9f00c8e6a345729851?s=96&r=g\",\"contentUrl\":\"https:\\\/\\\/secure.gravatar.com\\\/avatar\\\/ed36fb85fd6e4341bf125bb1feb950786c9ab5070b763b9f00c8e6a345729851?s=96&r=g\",\"caption\":\"Curso de Retrsopectiva Animada SlideShow\"}}]}<\/script>\n<!-- \/ Yoast SEO plugin. -->","yoast_head_json":{"title":"Retrospectiva Animada Tema Carros fa\u00e7a voc\u00ea mesmo","description":"Fa\u00e7a voc\u00ea mesmo hoje a Retrospectiva Animada Tema Carros, voc\u00ea apenas ira substituir as fotos e o projeto ser\u00e1 seu, aprenda tamb\u00e9m a fazer Retrospectivas passo a passo","robots":{"index":"index","follow":"follow","max-snippet":"max-snippet:-1","max-image-preview":"max-image-preview:large","max-video-preview":"max-video-preview:-1"},"canonical":"https:\/\/cursoretrospectivaanimada.com.br\/blog\/retrospectiva-animada-tema-carros-faca-voce-mesmo\/","og_locale":"pt_BR","og_type":"article","og_title":"Retrospectiva Animada Tema Carros fa\u00e7a voc\u00ea mesmo","og_description":"Fa\u00e7a voc\u00ea mesmo hoje a Retrospectiva Animada Tema Carros, voc\u00ea apenas ira substituir as fotos e o projeto ser\u00e1 seu, aprenda tamb\u00e9m a fazer Retrospectivas passo a passo","og_url":"https:\/\/cursoretrospectivaanimada.com.br\/blog\/retrospectiva-animada-tema-carros-faca-voce-mesmo\/","og_site_name":"Blog Curso de Retrospectiva Animada SlideShow","article_published_time":"2015-04-12T14:56:36+00:00","article_modified_time":"2016-01-25T02:04:59+00:00","og_image":[{"width":1920,"height":1080,"url":"https:\/\/cursoretrospectivaanimada.com.br\/blog\/wp-content\/uploads\/2015\/04\/carros.jpg","type":"image\/jpeg"}],"author":"Curso de Retrsopectiva Animada SlideShow","twitter_misc":{"Escrito por":"Curso de Retrsopectiva Animada SlideShow","Est. tempo de leitura":"1 minuto"},"schema":{"@context":"https:\/\/schema.org","@graph":[{"@type":"Article","@id":"https:\/\/cursoretrospectivaanimada.com.br\/blog\/retrospectiva-animada-tema-carros-faca-voce-mesmo\/#article","isPartOf":{"@id":"https:\/\/cursoretrospectivaanimada.com.br\/blog\/retrospectiva-animada-tema-carros-faca-voce-mesmo\/"},"author":{"name":"Curso de Retrsopectiva Animada SlideShow","@id":"https:\/\/cursoretrospectivaanimada.com.br\/blog\/#\/schema\/person\/6fcdb9fb932663127a729100ea98c09c"},"headline":"Retrospectiva Animada Tema Carros fa\u00e7a voc\u00ea mesmo","datePublished":"2015-04-12T14:56:36+00:00","dateModified":"2016-01-25T02:04:59+00:00","mainEntityOfPage":{"@id":"https:\/\/cursoretrospectivaanimada.com.br\/blog\/retrospectiva-animada-tema-carros-faca-voce-mesmo\/"},"wordCount":135,"commentCount":0,"image":{"@id":"https:\/\/cursoretrospectivaanimada.com.br\/blog\/retrospectiva-animada-tema-carros-faca-voce-mesmo\/#primaryimage"},"thumbnailUrl":"https:\/\/cursoretrospectivaanimada.com.br\/blog\/wp-content\/uploads\/2015\/04\/carros.jpg","keywords":["retrospectiva animada carros","retrospectiva animada tema carros","retrospectiva carros","retrospectiva tema carros","template retrospectiva carros"],"articleSection":["Temas para Retrospectivas Infantis"],"inLanguage":"pt-BR","potentialAction":[{"@type":"CommentAction","name":"Comment","target":["https:\/\/cursoretrospectivaanimada.com.br\/blog\/retrospectiva-animada-tema-carros-faca-voce-mesmo\/#respond"]}]},{"@type":"WebPage","@id":"https:\/\/cursoretrospectivaanimada.com.br\/blog\/retrospectiva-animada-tema-carros-faca-voce-mesmo\/","url":"https:\/\/cursoretrospectivaanimada.com.br\/blog\/retrospectiva-animada-tema-carros-faca-voce-mesmo\/","name":"Retrospectiva Animada Tema Carros fa\u00e7a voc\u00ea mesmo","isPartOf":{"@id":"https:\/\/cursoretrospectivaanimada.com.br\/blog\/#website"},"primaryImageOfPage":{"@id":"https:\/\/cursoretrospectivaanimada.com.br\/blog\/retrospectiva-animada-tema-carros-faca-voce-mesmo\/#primaryimage"},"image":{"@id":"https:\/\/cursoretrospectivaanimada.com.br\/blog\/retrospectiva-animada-tema-carros-faca-voce-mesmo\/#primaryimage"},"thumbnailUrl":"https:\/\/cursoretrospectivaanimada.com.br\/blog\/wp-content\/uploads\/2015\/04\/carros.jpg","datePublished":"2015-04-12T14:56:36+00:00","dateModified":"2016-01-25T02:04:59+00:00","author":{"@id":"https:\/\/cursoretrospectivaanimada.com.br\/blog\/#\/schema\/person\/6fcdb9fb932663127a729100ea98c09c"},"description":"Fa\u00e7a voc\u00ea mesmo hoje a Retrospectiva Animada Tema Carros, voc\u00ea apenas ira substituir as fotos e o projeto ser\u00e1 seu, aprenda tamb\u00e9m a fazer Retrospectivas passo a passo","breadcrumb":{"@id":"https:\/\/cursoretrospectivaanimada.com.br\/blog\/retrospectiva-animada-tema-carros-faca-voce-mesmo\/#breadcrumb"},"inLanguage":"pt-BR","potentialAction":[{"@type":"ReadAction","target":["https:\/\/cursoretrospectivaanimada.com.br\/blog\/retrospectiva-animada-tema-carros-faca-voce-mesmo\/"]}]},{"@type":"ImageObject","inLanguage":"pt-BR","@id":"https:\/\/cursoretrospectivaanimada.com.br\/blog\/retrospectiva-animada-tema-carros-faca-voce-mesmo\/#primaryimage","url":"https:\/\/cursoretrospectivaanimada.com.br\/blog\/wp-content\/uploads\/2015\/04\/carros.jpg","contentUrl":"https:\/\/cursoretrospectivaanimada.com.br\/blog\/wp-content\/uploads\/2015\/04\/carros.jpg","width":1920,"height":1080},{"@type":"BreadcrumbList","@id":"https:\/\/cursoretrospectivaanimada.com.br\/blog\/retrospectiva-animada-tema-carros-faca-voce-mesmo\/#breadcrumb","itemListElement":[{"@type":"ListItem","position":1,"name":"In\u00edcio","item":"https:\/\/cursoretrospectivaanimada.com.br\/blog\/"},{"@type":"ListItem","position":2,"name":"Retrospectiva Animada Tema Carros fa\u00e7a voc\u00ea mesmo"}]},{"@type":"WebSite","@id":"https:\/\/cursoretrospectivaanimada.com.br\/blog\/#website","url":"https:\/\/cursoretrospectivaanimada.com.br\/blog\/","name":"Blog Curso de Retrospectiva Animada SlideShow","description":"","potentialAction":[{"@type":"SearchAction","target":{"@type":"EntryPoint","urlTemplate":"https:\/\/cursoretrospectivaanimada.com.br\/blog\/?s={search_term_string}"},"query-input":{"@type":"PropertyValueSpecification","valueRequired":true,"valueName":"search_term_string"}}],"inLanguage":"pt-BR"},{"@type":"Person","@id":"https:\/\/cursoretrospectivaanimada.com.br\/blog\/#\/schema\/person\/6fcdb9fb932663127a729100ea98c09c","name":"Curso de Retrsopectiva Animada SlideShow","image":{"@type":"ImageObject","inLanguage":"pt-BR","@id":"https:\/\/secure.gravatar.com\/avatar\/ed36fb85fd6e4341bf125bb1feb950786c9ab5070b763b9f00c8e6a345729851?s=96&r=g","url":"https:\/\/secure.gravatar.com\/avatar\/ed36fb85fd6e4341bf125bb1feb950786c9ab5070b763b9f00c8e6a345729851?s=96&r=g","contentUrl":"https:\/\/secure.gravatar.com\/avatar\/ed36fb85fd6e4341bf125bb1feb950786c9ab5070b763b9f00c8e6a345729851?s=96&r=g","caption":"Curso de Retrsopectiva Animada SlideShow"}}]}},"_links":{"self":[{"href":"https:\/\/cursoretrospectivaanimada.com.br\/blog\/wp-json\/wp\/v2\/posts\/302","targetHints":{"allow":["GET"]}}],"collection":[{"href":"https:\/\/cursoretrospectivaanimada.com.br\/blog\/wp-json\/wp\/v2\/posts"}],"about":[{"href":"https:\/\/cursoretrospectivaanimada.com.br\/blog\/wp-json\/wp\/v2\/types\/post"}],"author":[{"embeddable":true,"href":"https:\/\/cursoretrospectivaanimada.com.br\/blog\/wp-json\/wp\/v2\/users\/1"}],"replies":[{"embeddable":true,"href":"https:\/\/cursoretrospectivaanimada.com.br\/blog\/wp-json\/wp\/v2\/comments?post=302"}],"version-history":[{"count":1,"href":"https:\/\/cursoretrospectivaanimada.com.br\/blog\/wp-json\/wp\/v2\/posts\/302\/revisions"}],"predecessor-version":[{"id":304,"href":"https:\/\/cursoretrospectivaanimada.com.br\/blog\/wp-json\/wp\/v2\/posts\/302\/revisions\/304"}],"wp:featuredmedia":[{"embeddable":true,"href":"https:\/\/cursoretrospectivaanimada.com.br\/blog\/wp-json\/wp\/v2\/media\/303"}],"wp:attachment":[{"href":"https:\/\/cursoretrospectivaanimada.com.br\/blog\/wp-json\/wp\/v2\/media?parent=302"}],"wp:term":[{"taxonomy":"category","embeddable":true,"href":"https:\/\/cursoretrospectivaanimada.com.br\/blog\/wp-json\/wp\/v2\/categories?post=302"},{"taxonomy":"post_tag","embeddable":true,"href":"https:\/\/cursoretrospectivaanimada.com.br\/blog\/wp-json\/wp\/v2\/tags?post=302"}],"curies":[{"name":"wp","href":"https:\/\/api.w.org\/{rel}","templated":true}]}}