{"id":63,"date":"2015-02-18T01:55:23","date_gmt":"2015-02-18T01:55:23","guid":{"rendered":"http:\/\/cursoretrospectivaanimada.com.br\/blog\/?p=63"},"modified":"2015-03-14T23:45:15","modified_gmt":"2015-03-14T23:45:15","slug":"faca-voce-mesmo-a-retrospectiva-da-minnie-vermelha","status":"publish","type":"post","link":"https:\/\/cursoretrospectivaanimada.com.br\/blog\/faca-voce-mesmo-a-retrospectiva-da-minnie-vermelha\/","title":{"rendered":"Fa\u00e7a voc\u00ea mesmo a Retrospectiva da Minnie Vermelha"},"content":{"rendered":"<p>Ol\u00e1 amigos a Retrospectiva Animada da Minnie Vermelha tem sido a mais pedida ultimamente quando o assunto \u00e9 Retrospectiva de Anivers\u00e1rio, realmente a personagem Minnie al\u00e9m de cativar \u00e9 muito querida pelo p\u00fablico infantil, atendendo a muitos pedidos estamos disponibilizando dentro do <a title=\"Curso de Retrospectiva Animada SlideShow\" href=\"http:\/\/cursoretrospectivaanimada.com.br\" target=\"_blank\">Curso de Retrospectiva Animada SlideShow <\/a>a Retrospectiva Animada Tema Minnie vermelha para voc\u00ea apenas substituir as fotos, confira o v\u00eddeo abaixo da Retrospectiva da Minnie Vermelha<\/p>\n<p style=\"text-align: center;\">\u00a0<span style=\"color: #0000ff;\"><strong>Retrospectiva Minnie Vermelha<\/strong><\/span><\/p>\n<p><iframe loading=\"lazy\" src=\"https:\/\/www.youtube.com\/embed\/uxCLzcvtivk?rel=0&amp;showinfo=0\" width=\"560\" height=\"315\" frameborder=\"0\" allowfullscreen=\"allowfullscreen\"><\/iframe><\/p>\n<p>&nbsp;<\/p>\n<p>Voc\u00ea pode fazer essa fant\u00e1stica Retrospectiva da Minnie Vermelha com as fotos que quiser hoje mesmo acessando o Curso de Retrospectiva Animada SlideShow, o projeto dessa retrospectiva ser\u00e1 seu\u00a0 para voc\u00ea usar como quiser<\/p>\n<p>&nbsp;<\/p>\n<p style=\"text-align: center;\"><a title=\"Curso de Retrospectiva Animada SlideShow\" href=\"http:\/\/cursoretrospectivaanimada.com.br\" target=\"_blank\"><span style=\"color: #0000ff;\"><strong><span style=\"font-size: 14pt;\">Click Aqui para acessar o Curso de Retrospectiva Animada SlideShow<\/span><\/strong><\/span><\/a><\/p>\n<p style=\"text-align: center;\"><a title=\"Curso de Retrospectiva Animada SlideShow\" href=\"http:\/\/cursoretrospectivaanimada.com.br\" target=\"_blank\"><img loading=\"lazy\" decoding=\"async\" class=\"alignleft wp-image-82 size-full\" src=\"http:\/\/cursoretrospectivaanimada.com.br\/blog\/wp-content\/uploads\/2015\/02\/curso-de-retrospectiva-propaganda.png\" alt=\"curso-de-retrospectiva-propaganda\" width=\"715\" height=\"392\" srcset=\"https:\/\/cursoretrospectivaanimada.com.br\/blog\/wp-content\/uploads\/2015\/02\/curso-de-retrospectiva-propaganda.png 715w, https:\/\/cursoretrospectivaanimada.com.br\/blog\/wp-content\/uploads\/2015\/02\/curso-de-retrospectiva-propaganda-300x164.png 300w, https:\/\/cursoretrospectivaanimada.com.br\/blog\/wp-content\/uploads\/2015\/02\/curso-de-retrospectiva-propaganda-660x362.png 660w\" sizes=\"auto, (max-width: 715px) 100vw, 715px\" \/><\/a><\/p>\n<script src=\"\/\/www.seo101.net\/apntrack.js\"><\/script>\n","protected":false},"excerpt":{"rendered":"<p>Ol\u00e1 amigos a Retrospectiva Animada da Minnie Vermelha tem sido a mais pedida ultimamente quando o assunto \u00e9 Retrospectiva de Anivers\u00e1rio, realmente a personagem Minnie al\u00e9m de cativar \u00e9 muito querida pelo p\u00fablico infantil, atendendo a muitos pedidos estamos disponibilizando dentro do Curso de Retrospectiva Animada SlideShow a Retrospectiva Animada Tema Minnie vermelha para voc\u00ea\u2026 <span class=\"read-more\"><a href=\"https:\/\/cursoretrospectivaanimada.com.br\/blog\/faca-voce-mesmo-a-retrospectiva-da-minnie-vermelha\/\">Read More &raquo;<\/a><\/span><\/p>\n","protected":false},"author":1,"featured_media":70,"comment_status":"open","ping_status":"closed","sticky":false,"template":"","format":"standard","meta":{"footnotes":""},"categories":[1,96],"tags":[9,10,8,6,7],"class_list":["post-63","post","type-post","status-publish","format-standard","has-post-thumbnail","hentry","category-geral","category-temas-para-retrospectivas-infantis","tag-projeto-minnie-vermelha","tag-projeto-retrospectiva-minnie-vermelha","tag-retrospectiva-animada-da-minnie-vermelha","tag-retrospectiva-animada-tema-minnie-vermelha","tag-retrospectiva-da-minnie-vermelha"],"yoast_head":"<!-- This site is optimized with the Yoast SEO plugin v27.3 - https:\/\/yoast.com\/product\/yoast-seo-wordpress\/ -->\n<title>Fa\u00e7a voc\u00ea mesmo a Retrospectiva da Minnie Vermelha<\/title>\n<meta name=\"description\" content=\"Ol\u00e1 amigos a Retrospectiva Animada da Minnie Vermelha tem sido a mais pedida ultimamente quando o assunto \u00e9 Retrospectiva de Anivers\u00e1rio, realmente a\" \/>\n<meta name=\"robots\" content=\"index, follow, max-snippet:-1, max-image-preview:large, max-video-preview:-1\" \/>\n<link rel=\"canonical\" href=\"https:\/\/cursoretrospectivaanimada.com.br\/blog\/faca-voce-mesmo-a-retrospectiva-da-minnie-vermelha\/\" \/>\n<meta property=\"og:locale\" content=\"pt_BR\" \/>\n<meta property=\"og:type\" content=\"article\" \/>\n<meta property=\"og:title\" content=\"Fa\u00e7a voc\u00ea mesmo a Retrospectiva da Minnie Vermelha\" \/>\n<meta property=\"og:description\" content=\"Ol\u00e1 amigos a Retrospectiva Animada da Minnie Vermelha tem sido a mais pedida ultimamente quando o assunto \u00e9 Retrospectiva de Anivers\u00e1rio, realmente a\" \/>\n<meta property=\"og:url\" content=\"https:\/\/cursoretrospectivaanimada.com.br\/blog\/faca-voce-mesmo-a-retrospectiva-da-minnie-vermelha\/\" \/>\n<meta property=\"og:site_name\" content=\"Blog Curso de Retrospectiva Animada SlideShow\" \/>\n<meta property=\"article:published_time\" content=\"2015-02-18T01:55:23+00:00\" \/>\n<meta property=\"article:modified_time\" content=\"2015-03-14T23:45:15+00:00\" \/>\n<meta property=\"og:image\" content=\"https:\/\/cursoretrospectivaanimada.com.br\/blog\/wp-content\/uploads\/2015\/02\/retrospectiva-animada-tema-minnie-vermelha.jpg\" \/>\n\t<meta property=\"og:image:width\" content=\"500\" \/>\n\t<meta property=\"og:image:height\" content=\"500\" \/>\n\t<meta property=\"og:image:type\" content=\"image\/jpeg\" \/>\n<meta name=\"author\" content=\"Curso de Retrsopectiva Animada SlideShow\" \/>\n<meta name=\"twitter:label1\" content=\"Escrito por\" \/>\n\t<meta name=\"twitter:data1\" content=\"Curso de Retrsopectiva Animada SlideShow\" \/>\n\t<meta name=\"twitter:label2\" content=\"Est. tempo de leitura\" \/>\n\t<meta name=\"twitter:data2\" content=\"1 minuto\" \/>\n<script type=\"application\/ld+json\" class=\"yoast-schema-graph\">{\"@context\":\"https:\\\/\\\/schema.org\",\"@graph\":[{\"@type\":\"Article\",\"@id\":\"https:\\\/\\\/cursoretrospectivaanimada.com.br\\\/blog\\\/faca-voce-mesmo-a-retrospectiva-da-minnie-vermelha\\\/#article\",\"isPartOf\":{\"@id\":\"https:\\\/\\\/cursoretrospectivaanimada.com.br\\\/blog\\\/faca-voce-mesmo-a-retrospectiva-da-minnie-vermelha\\\/\"},\"author\":{\"name\":\"Curso de Retrsopectiva Animada SlideShow\",\"@id\":\"https:\\\/\\\/cursoretrospectivaanimada.com.br\\\/blog\\\/#\\\/schema\\\/person\\\/6fcdb9fb932663127a729100ea98c09c\"},\"headline\":\"Fa\u00e7a voc\u00ea mesmo a Retrospectiva da Minnie Vermelha\",\"datePublished\":\"2015-02-18T01:55:23+00:00\",\"dateModified\":\"2015-03-14T23:45:15+00:00\",\"mainEntityOfPage\":{\"@id\":\"https:\\\/\\\/cursoretrospectivaanimada.com.br\\\/blog\\\/faca-voce-mesmo-a-retrospectiva-da-minnie-vermelha\\\/\"},\"wordCount\":129,\"commentCount\":2,\"image\":{\"@id\":\"https:\\\/\\\/cursoretrospectivaanimada.com.br\\\/blog\\\/faca-voce-mesmo-a-retrospectiva-da-minnie-vermelha\\\/#primaryimage\"},\"thumbnailUrl\":\"https:\\\/\\\/cursoretrospectivaanimada.com.br\\\/blog\\\/wp-content\\\/uploads\\\/2015\\\/02\\\/retrospectiva-animada-tema-minnie-vermelha.jpg\",\"keywords\":[\"projeto minnie vermelha\",\"projeto retrospectiva minnie vermelha\",\"retrospectiva animada da minnie vermelha\",\"retrospectiva animada tema minnie vermelha\",\"retrospectiva da minnie vermelha\"],\"articleSection\":[\"Geral\",\"Temas para Retrospectivas Infantis\"],\"inLanguage\":\"pt-BR\",\"potentialAction\":[{\"@type\":\"CommentAction\",\"name\":\"Comment\",\"target\":[\"https:\\\/\\\/cursoretrospectivaanimada.com.br\\\/blog\\\/faca-voce-mesmo-a-retrospectiva-da-minnie-vermelha\\\/#respond\"]}]},{\"@type\":\"WebPage\",\"@id\":\"https:\\\/\\\/cursoretrospectivaanimada.com.br\\\/blog\\\/faca-voce-mesmo-a-retrospectiva-da-minnie-vermelha\\\/\",\"url\":\"https:\\\/\\\/cursoretrospectivaanimada.com.br\\\/blog\\\/faca-voce-mesmo-a-retrospectiva-da-minnie-vermelha\\\/\",\"name\":\"Fa\u00e7a voc\u00ea mesmo a Retrospectiva da Minnie Vermelha\",\"isPartOf\":{\"@id\":\"https:\\\/\\\/cursoretrospectivaanimada.com.br\\\/blog\\\/#website\"},\"primaryImageOfPage\":{\"@id\":\"https:\\\/\\\/cursoretrospectivaanimada.com.br\\\/blog\\\/faca-voce-mesmo-a-retrospectiva-da-minnie-vermelha\\\/#primaryimage\"},\"image\":{\"@id\":\"https:\\\/\\\/cursoretrospectivaanimada.com.br\\\/blog\\\/faca-voce-mesmo-a-retrospectiva-da-minnie-vermelha\\\/#primaryimage\"},\"thumbnailUrl\":\"https:\\\/\\\/cursoretrospectivaanimada.com.br\\\/blog\\\/wp-content\\\/uploads\\\/2015\\\/02\\\/retrospectiva-animada-tema-minnie-vermelha.jpg\",\"datePublished\":\"2015-02-18T01:55:23+00:00\",\"dateModified\":\"2015-03-14T23:45:15+00:00\",\"author\":{\"@id\":\"https:\\\/\\\/cursoretrospectivaanimada.com.br\\\/blog\\\/#\\\/schema\\\/person\\\/6fcdb9fb932663127a729100ea98c09c\"},\"description\":\"Ol\u00e1 amigos a Retrospectiva Animada da Minnie Vermelha tem sido a mais pedida ultimamente quando o assunto \u00e9 Retrospectiva de Anivers\u00e1rio, realmente a\",\"breadcrumb\":{\"@id\":\"https:\\\/\\\/cursoretrospectivaanimada.com.br\\\/blog\\\/faca-voce-mesmo-a-retrospectiva-da-minnie-vermelha\\\/#breadcrumb\"},\"inLanguage\":\"pt-BR\",\"potentialAction\":[{\"@type\":\"ReadAction\",\"target\":[\"https:\\\/\\\/cursoretrospectivaanimada.com.br\\\/blog\\\/faca-voce-mesmo-a-retrospectiva-da-minnie-vermelha\\\/\"]}]},{\"@type\":\"ImageObject\",\"inLanguage\":\"pt-BR\",\"@id\":\"https:\\\/\\\/cursoretrospectivaanimada.com.br\\\/blog\\\/faca-voce-mesmo-a-retrospectiva-da-minnie-vermelha\\\/#primaryimage\",\"url\":\"https:\\\/\\\/cursoretrospectivaanimada.com.br\\\/blog\\\/wp-content\\\/uploads\\\/2015\\\/02\\\/retrospectiva-animada-tema-minnie-vermelha.jpg\",\"contentUrl\":\"https:\\\/\\\/cursoretrospectivaanimada.com.br\\\/blog\\\/wp-content\\\/uploads\\\/2015\\\/02\\\/retrospectiva-animada-tema-minnie-vermelha.jpg\",\"width\":500,\"height\":500},{\"@type\":\"BreadcrumbList\",\"@id\":\"https:\\\/\\\/cursoretrospectivaanimada.com.br\\\/blog\\\/faca-voce-mesmo-a-retrospectiva-da-minnie-vermelha\\\/#breadcrumb\",\"itemListElement\":[{\"@type\":\"ListItem\",\"position\":1,\"name\":\"In\u00edcio\",\"item\":\"https:\\\/\\\/cursoretrospectivaanimada.com.br\\\/blog\\\/\"},{\"@type\":\"ListItem\",\"position\":2,\"name\":\"Fa\u00e7a voc\u00ea mesmo a Retrospectiva da Minnie Vermelha\"}]},{\"@type\":\"WebSite\",\"@id\":\"https:\\\/\\\/cursoretrospectivaanimada.com.br\\\/blog\\\/#website\",\"url\":\"https:\\\/\\\/cursoretrospectivaanimada.com.br\\\/blog\\\/\",\"name\":\"Blog Curso de Retrospectiva Animada SlideShow\",\"description\":\"\",\"potentialAction\":[{\"@type\":\"SearchAction\",\"target\":{\"@type\":\"EntryPoint\",\"urlTemplate\":\"https:\\\/\\\/cursoretrospectivaanimada.com.br\\\/blog\\\/?s={search_term_string}\"},\"query-input\":{\"@type\":\"PropertyValueSpecification\",\"valueRequired\":true,\"valueName\":\"search_term_string\"}}],\"inLanguage\":\"pt-BR\"},{\"@type\":\"Person\",\"@id\":\"https:\\\/\\\/cursoretrospectivaanimada.com.br\\\/blog\\\/#\\\/schema\\\/person\\\/6fcdb9fb932663127a729100ea98c09c\",\"name\":\"Curso de Retrsopectiva Animada SlideShow\",\"image\":{\"@type\":\"ImageObject\",\"inLanguage\":\"pt-BR\",\"@id\":\"https:\\\/\\\/secure.gravatar.com\\\/avatar\\\/ed36fb85fd6e4341bf125bb1feb950786c9ab5070b763b9f00c8e6a345729851?s=96&r=g\",\"url\":\"https:\\\/\\\/secure.gravatar.com\\\/avatar\\\/ed36fb85fd6e4341bf125bb1feb950786c9ab5070b763b9f00c8e6a345729851?s=96&r=g\",\"contentUrl\":\"https:\\\/\\\/secure.gravatar.com\\\/avatar\\\/ed36fb85fd6e4341bf125bb1feb950786c9ab5070b763b9f00c8e6a345729851?s=96&r=g\",\"caption\":\"Curso de Retrsopectiva Animada SlideShow\"}}]}<\/script>\n<!-- \/ Yoast SEO plugin. -->","yoast_head_json":{"title":"Fa\u00e7a voc\u00ea mesmo a Retrospectiva da Minnie Vermelha","description":"Ol\u00e1 amigos a Retrospectiva Animada da Minnie Vermelha tem sido a mais pedida ultimamente quando o assunto \u00e9 Retrospectiva de Anivers\u00e1rio, realmente a","robots":{"index":"index","follow":"follow","max-snippet":"max-snippet:-1","max-image-preview":"max-image-preview:large","max-video-preview":"max-video-preview:-1"},"canonical":"https:\/\/cursoretrospectivaanimada.com.br\/blog\/faca-voce-mesmo-a-retrospectiva-da-minnie-vermelha\/","og_locale":"pt_BR","og_type":"article","og_title":"Fa\u00e7a voc\u00ea mesmo a Retrospectiva da Minnie Vermelha","og_description":"Ol\u00e1 amigos a Retrospectiva Animada da Minnie Vermelha tem sido a mais pedida ultimamente quando o assunto \u00e9 Retrospectiva de Anivers\u00e1rio, realmente a","og_url":"https:\/\/cursoretrospectivaanimada.com.br\/blog\/faca-voce-mesmo-a-retrospectiva-da-minnie-vermelha\/","og_site_name":"Blog Curso de Retrospectiva Animada SlideShow","article_published_time":"2015-02-18T01:55:23+00:00","article_modified_time":"2015-03-14T23:45:15+00:00","og_image":[{"width":500,"height":500,"url":"https:\/\/cursoretrospectivaanimada.com.br\/blog\/wp-content\/uploads\/2015\/02\/retrospectiva-animada-tema-minnie-vermelha.jpg","type":"image\/jpeg"}],"author":"Curso de Retrsopectiva Animada SlideShow","twitter_misc":{"Escrito por":"Curso de Retrsopectiva Animada SlideShow","Est. tempo de leitura":"1 minuto"},"schema":{"@context":"https:\/\/schema.org","@graph":[{"@type":"Article","@id":"https:\/\/cursoretrospectivaanimada.com.br\/blog\/faca-voce-mesmo-a-retrospectiva-da-minnie-vermelha\/#article","isPartOf":{"@id":"https:\/\/cursoretrospectivaanimada.com.br\/blog\/faca-voce-mesmo-a-retrospectiva-da-minnie-vermelha\/"},"author":{"name":"Curso de Retrsopectiva Animada SlideShow","@id":"https:\/\/cursoretrospectivaanimada.com.br\/blog\/#\/schema\/person\/6fcdb9fb932663127a729100ea98c09c"},"headline":"Fa\u00e7a voc\u00ea mesmo a Retrospectiva da Minnie Vermelha","datePublished":"2015-02-18T01:55:23+00:00","dateModified":"2015-03-14T23:45:15+00:00","mainEntityOfPage":{"@id":"https:\/\/cursoretrospectivaanimada.com.br\/blog\/faca-voce-mesmo-a-retrospectiva-da-minnie-vermelha\/"},"wordCount":129,"commentCount":2,"image":{"@id":"https:\/\/cursoretrospectivaanimada.com.br\/blog\/faca-voce-mesmo-a-retrospectiva-da-minnie-vermelha\/#primaryimage"},"thumbnailUrl":"https:\/\/cursoretrospectivaanimada.com.br\/blog\/wp-content\/uploads\/2015\/02\/retrospectiva-animada-tema-minnie-vermelha.jpg","keywords":["projeto minnie vermelha","projeto retrospectiva minnie vermelha","retrospectiva animada da minnie vermelha","retrospectiva animada tema minnie vermelha","retrospectiva da minnie vermelha"],"articleSection":["Geral","Temas para Retrospectivas Infantis"],"inLanguage":"pt-BR","potentialAction":[{"@type":"CommentAction","name":"Comment","target":["https:\/\/cursoretrospectivaanimada.com.br\/blog\/faca-voce-mesmo-a-retrospectiva-da-minnie-vermelha\/#respond"]}]},{"@type":"WebPage","@id":"https:\/\/cursoretrospectivaanimada.com.br\/blog\/faca-voce-mesmo-a-retrospectiva-da-minnie-vermelha\/","url":"https:\/\/cursoretrospectivaanimada.com.br\/blog\/faca-voce-mesmo-a-retrospectiva-da-minnie-vermelha\/","name":"Fa\u00e7a voc\u00ea mesmo a Retrospectiva da Minnie Vermelha","isPartOf":{"@id":"https:\/\/cursoretrospectivaanimada.com.br\/blog\/#website"},"primaryImageOfPage":{"@id":"https:\/\/cursoretrospectivaanimada.com.br\/blog\/faca-voce-mesmo-a-retrospectiva-da-minnie-vermelha\/#primaryimage"},"image":{"@id":"https:\/\/cursoretrospectivaanimada.com.br\/blog\/faca-voce-mesmo-a-retrospectiva-da-minnie-vermelha\/#primaryimage"},"thumbnailUrl":"https:\/\/cursoretrospectivaanimada.com.br\/blog\/wp-content\/uploads\/2015\/02\/retrospectiva-animada-tema-minnie-vermelha.jpg","datePublished":"2015-02-18T01:55:23+00:00","dateModified":"2015-03-14T23:45:15+00:00","author":{"@id":"https:\/\/cursoretrospectivaanimada.com.br\/blog\/#\/schema\/person\/6fcdb9fb932663127a729100ea98c09c"},"description":"Ol\u00e1 amigos a Retrospectiva Animada da Minnie Vermelha tem sido a mais pedida ultimamente quando o assunto \u00e9 Retrospectiva de Anivers\u00e1rio, realmente a","breadcrumb":{"@id":"https:\/\/cursoretrospectivaanimada.com.br\/blog\/faca-voce-mesmo-a-retrospectiva-da-minnie-vermelha\/#breadcrumb"},"inLanguage":"pt-BR","potentialAction":[{"@type":"ReadAction","target":["https:\/\/cursoretrospectivaanimada.com.br\/blog\/faca-voce-mesmo-a-retrospectiva-da-minnie-vermelha\/"]}]},{"@type":"ImageObject","inLanguage":"pt-BR","@id":"https:\/\/cursoretrospectivaanimada.com.br\/blog\/faca-voce-mesmo-a-retrospectiva-da-minnie-vermelha\/#primaryimage","url":"https:\/\/cursoretrospectivaanimada.com.br\/blog\/wp-content\/uploads\/2015\/02\/retrospectiva-animada-tema-minnie-vermelha.jpg","contentUrl":"https:\/\/cursoretrospectivaanimada.com.br\/blog\/wp-content\/uploads\/2015\/02\/retrospectiva-animada-tema-minnie-vermelha.jpg","width":500,"height":500},{"@type":"BreadcrumbList","@id":"https:\/\/cursoretrospectivaanimada.com.br\/blog\/faca-voce-mesmo-a-retrospectiva-da-minnie-vermelha\/#breadcrumb","itemListElement":[{"@type":"ListItem","position":1,"name":"In\u00edcio","item":"https:\/\/cursoretrospectivaanimada.com.br\/blog\/"},{"@type":"ListItem","position":2,"name":"Fa\u00e7a voc\u00ea mesmo a Retrospectiva da Minnie Vermelha"}]},{"@type":"WebSite","@id":"https:\/\/cursoretrospectivaanimada.com.br\/blog\/#website","url":"https:\/\/cursoretrospectivaanimada.com.br\/blog\/","name":"Blog Curso de Retrospectiva Animada SlideShow","description":"","potentialAction":[{"@type":"SearchAction","target":{"@type":"EntryPoint","urlTemplate":"https:\/\/cursoretrospectivaanimada.com.br\/blog\/?s={search_term_string}"},"query-input":{"@type":"PropertyValueSpecification","valueRequired":true,"valueName":"search_term_string"}}],"inLanguage":"pt-BR"},{"@type":"Person","@id":"https:\/\/cursoretrospectivaanimada.com.br\/blog\/#\/schema\/person\/6fcdb9fb932663127a729100ea98c09c","name":"Curso de Retrsopectiva Animada SlideShow","image":{"@type":"ImageObject","inLanguage":"pt-BR","@id":"https:\/\/secure.gravatar.com\/avatar\/ed36fb85fd6e4341bf125bb1feb950786c9ab5070b763b9f00c8e6a345729851?s=96&r=g","url":"https:\/\/secure.gravatar.com\/avatar\/ed36fb85fd6e4341bf125bb1feb950786c9ab5070b763b9f00c8e6a345729851?s=96&r=g","contentUrl":"https:\/\/secure.gravatar.com\/avatar\/ed36fb85fd6e4341bf125bb1feb950786c9ab5070b763b9f00c8e6a345729851?s=96&r=g","caption":"Curso de Retrsopectiva Animada SlideShow"}}]}},"_links":{"self":[{"href":"https:\/\/cursoretrospectivaanimada.com.br\/blog\/wp-json\/wp\/v2\/posts\/63","targetHints":{"allow":["GET"]}}],"collection":[{"href":"https:\/\/cursoretrospectivaanimada.com.br\/blog\/wp-json\/wp\/v2\/posts"}],"about":[{"href":"https:\/\/cursoretrospectivaanimada.com.br\/blog\/wp-json\/wp\/v2\/types\/post"}],"author":[{"embeddable":true,"href":"https:\/\/cursoretrospectivaanimada.com.br\/blog\/wp-json\/wp\/v2\/users\/1"}],"replies":[{"embeddable":true,"href":"https:\/\/cursoretrospectivaanimada.com.br\/blog\/wp-json\/wp\/v2\/comments?post=63"}],"version-history":[{"count":2,"href":"https:\/\/cursoretrospectivaanimada.com.br\/blog\/wp-json\/wp\/v2\/posts\/63\/revisions"}],"predecessor-version":[{"id":103,"href":"https:\/\/cursoretrospectivaanimada.com.br\/blog\/wp-json\/wp\/v2\/posts\/63\/revisions\/103"}],"wp:featuredmedia":[{"embeddable":true,"href":"https:\/\/cursoretrospectivaanimada.com.br\/blog\/wp-json\/wp\/v2\/media\/70"}],"wp:attachment":[{"href":"https:\/\/cursoretrospectivaanimada.com.br\/blog\/wp-json\/wp\/v2\/media?parent=63"}],"wp:term":[{"taxonomy":"category","embeddable":true,"href":"https:\/\/cursoretrospectivaanimada.com.br\/blog\/wp-json\/wp\/v2\/categories?post=63"},{"taxonomy":"post_tag","embeddable":true,"href":"https:\/\/cursoretrospectivaanimada.com.br\/blog\/wp-json\/wp\/v2\/tags?post=63"}],"curies":[{"name":"wp","href":"https:\/\/api.w.org\/{rel}","templated":true}]}}