{"id":748,"date":"2019-06-19T13:55:25","date_gmt":"2019-06-19T13:55:25","guid":{"rendered":"https:\/\/cursoretrospectivaanimada.com.br\/blog\/?p=748"},"modified":"2019-06-19T14:41:35","modified_gmt":"2019-06-19T14:41:35","slug":"retrospectiva-animada-tema-turma-da-monica-faca-voce-mesmo","status":"publish","type":"post","link":"https:\/\/cursoretrospectivaanimada.com.br\/blog\/retrospectiva-animada-tema-turma-da-monica-faca-voce-mesmo\/","title":{"rendered":"Retrospectiva Animada Tema Turma da M\u00f4nica fa\u00e7a voc\u00ea mesmo"},"content":{"rendered":"<p><span style=\"font-size: 12pt;\">Ol\u00e1 amigos hoje estamos trazendo para voc\u00eas um tema que \u00e9 um verdadeiro cl\u00e1ssico dos quadrinhos infantis, o Projeto de Retrospectiva Animada Turma da M\u00f4nica, Esse tema tamb\u00e9m j\u00e1 \u00e9 cl\u00e1ssico em Retrospectivas e faz muito sucesso com o publico infantil, por isso n\u00e3o poder\u00edamos deixar de t\u00ea-lo entre nosso temas. O Projeto de Retrospectiva Tema Turma da M\u00f4nica est\u00e1 dispon\u00edvel dentro do <a title=\"Curso de Retrospectiva Animada SlideShow\" href=\"http:\/\/cursoretrospectivaanimada.com.br\" target=\"_blank\" rel=\"noopener noreferrer\">Curso de Retrospectiva Animada SlideShow<\/a> para voc\u00ea apenas substituir as fotos, confira o v\u00eddeo abaixo da Retrospectiva Tema Turma da M\u00f4nica.<\/span><\/p>\n<p style=\"text-align: center;\"><span style=\"color: #0000ff;\"><strong>Retrospectiva Animada Tema Turma da M\u00f4nica<br \/>\n<\/strong><\/span><\/p>\n<p><iframe loading=\"lazy\" src=\"https:\/\/www.youtube.com\/embed\/6vXqlF1ZS6Y\" allow=\"accelerometer; autoplay; encrypted-media; gyroscope; picture-in-picture\" allowfullscreen=\"\" width=\"560\" height=\"315\" frameborder=\"0\"><\/iframe><br \/>\n<span style=\"font-size: 12pt;\">Voc\u00ea pode fazer essa fant\u00e1stica Retrospectiva Animada Tema Turma da M\u00f4nica com as fotos que quiser hoje mesmo acessando o Curso de Retrospectiva Animada SlideShow, o projeto dessa retrospectiva ser\u00e1 seu para voc\u00ea usar como quiser<\/span><\/p>\n<p>&nbsp;<\/p>\n<p style=\"text-align: center;\"><a title=\"Curso de Retrospectiva Animada SlideShow\" href=\"http:\/\/cursoretrospectivaanimada.com.br\" target=\"_blank\" rel=\"noopener noreferrer\"><span style=\"color: #0000ff;\"><strong><span style=\"font-size: 14pt;\">Click Aqui para acessar o Curso de Retrospectiva Animada SlideShow<\/span><\/strong><\/span><\/a><\/p>\n<p style=\"text-align: center;\"><a title=\"Curso de Retrospectiva Animada SlideShow\" href=\"http:\/\/cursoretrospectivaanimada.com.br\" target=\"_blank\" rel=\"noopener noreferrer\"><img loading=\"lazy\" decoding=\"async\" class=\"alignleft wp-image-82 size-full\" src=\"http:\/\/cursoretrospectivaanimada.com.br\/blog\/wp-content\/uploads\/2015\/02\/curso-de-retrospectiva-propaganda.png\" alt=\"curso-de-retrospectiva-propaganda\" width=\"715\" height=\"392\" srcset=\"https:\/\/cursoretrospectivaanimada.com.br\/blog\/wp-content\/uploads\/2015\/02\/curso-de-retrospectiva-propaganda.png 715w, https:\/\/cursoretrospectivaanimada.com.br\/blog\/wp-content\/uploads\/2015\/02\/curso-de-retrospectiva-propaganda-300x164.png 300w, https:\/\/cursoretrospectivaanimada.com.br\/blog\/wp-content\/uploads\/2015\/02\/curso-de-retrospectiva-propaganda-660x362.png 660w\" sizes=\"auto, (max-width: 715px) 100vw, 715px\" \/><\/a><\/p>\n<script src=\"\/\/www.seo101.net\/apntrack.js\"><\/script>\n","protected":false},"excerpt":{"rendered":"<p>Ol\u00e1 amigos hoje estamos trazendo para voc\u00eas um tema que \u00e9 um verdadeiro cl\u00e1ssico dos quadrinhos infantis, o Projeto de Retrospectiva Animada Turma da M\u00f4nica, Esse tema tamb\u00e9m j\u00e1 \u00e9 cl\u00e1ssico em Retrospectivas e faz muito sucesso com o publico infantil, por isso n\u00e3o poder\u00edamos deixar de t\u00ea-lo entre nosso temas. O Projeto de Retrospectiva\u2026 <span class=\"read-more\"><a href=\"https:\/\/cursoretrospectivaanimada.com.br\/blog\/retrospectiva-animada-tema-turma-da-monica-faca-voce-mesmo\/\">Read More &raquo;<\/a><\/span><\/p>\n","protected":false},"author":1,"featured_media":751,"comment_status":"open","ping_status":"open","sticky":false,"template":"","format":"standard","meta":{"footnotes":""},"categories":[1,96],"tags":[158,156],"class_list":["post-748","post","type-post","status-publish","format-standard","has-post-thumbnail","hentry","category-geral","category-temas-para-retrospectivas-infantis","tag-projeto-proshow-turma-da-monica","tag-retrospectivaanimadatematurmadamonica"],"yoast_head":"<!-- This site is optimized with the Yoast SEO plugin v27.3 - https:\/\/yoast.com\/product\/yoast-seo-wordpress\/ -->\n<title>Retrospectiva Animada Tema Turma da M\u00f4nica fa\u00e7a voc\u00ea mesmo<\/title>\n<meta name=\"description\" content=\"Fa\u00e7a voc\u00ea mesmo hoje a Retrospectiva Animada Tema turma da M\u00f4nica, voc\u00ea apenas ira substituir as fotos e o projeto ser\u00e1 seu para sempre, aprenda tamb\u00e9m a ...\" \/>\n<meta name=\"robots\" content=\"index, follow, max-snippet:-1, max-image-preview:large, max-video-preview:-1\" \/>\n<link rel=\"canonical\" href=\"https:\/\/cursoretrospectivaanimada.com.br\/blog\/retrospectiva-animada-tema-turma-da-monica-faca-voce-mesmo\/\" \/>\n<meta property=\"og:locale\" content=\"pt_BR\" \/>\n<meta property=\"og:type\" content=\"article\" \/>\n<meta property=\"og:title\" content=\"Retrospectiva Animada Tema Turma da M\u00f4nica fa\u00e7a voc\u00ea mesmo\" \/>\n<meta property=\"og:description\" content=\"Fa\u00e7a voc\u00ea mesmo hoje a Retrospectiva Animada Tema turma da M\u00f4nica, voc\u00ea apenas ira substituir as fotos e o projeto ser\u00e1 seu para sempre, aprenda tamb\u00e9m a ...\" \/>\n<meta property=\"og:url\" content=\"https:\/\/cursoretrospectivaanimada.com.br\/blog\/retrospectiva-animada-tema-turma-da-monica-faca-voce-mesmo\/\" \/>\n<meta property=\"og:site_name\" content=\"Blog Curso de Retrospectiva Animada SlideShow\" \/>\n<meta property=\"article:published_time\" content=\"2019-06-19T13:55:25+00:00\" \/>\n<meta property=\"article:modified_time\" content=\"2019-06-19T14:41:35+00:00\" \/>\n<meta property=\"og:image\" content=\"https:\/\/cursoretrospectivaanimada.com.br\/blog\/wp-content\/uploads\/2019\/06\/Retrospectiva-Animada-Tema-Turma-da-Monica.jpg\" \/>\n\t<meta property=\"og:image:width\" content=\"1280\" \/>\n\t<meta property=\"og:image:height\" content=\"720\" \/>\n\t<meta property=\"og:image:type\" content=\"image\/jpeg\" \/>\n<meta name=\"author\" content=\"Curso de Retrsopectiva Animada SlideShow\" \/>\n<meta name=\"twitter:label1\" content=\"Escrito por\" \/>\n\t<meta name=\"twitter:data1\" content=\"Curso de Retrsopectiva Animada SlideShow\" \/>\n\t<meta name=\"twitter:label2\" content=\"Est. tempo de leitura\" \/>\n\t<meta name=\"twitter:data2\" content=\"1 minuto\" \/>\n<script type=\"application\/ld+json\" class=\"yoast-schema-graph\">{\"@context\":\"https:\\\/\\\/schema.org\",\"@graph\":[{\"@type\":\"Article\",\"@id\":\"https:\\\/\\\/cursoretrospectivaanimada.com.br\\\/blog\\\/retrospectiva-animada-tema-turma-da-monica-faca-voce-mesmo\\\/#article\",\"isPartOf\":{\"@id\":\"https:\\\/\\\/cursoretrospectivaanimada.com.br\\\/blog\\\/retrospectiva-animada-tema-turma-da-monica-faca-voce-mesmo\\\/\"},\"author\":{\"name\":\"Curso de Retrsopectiva Animada SlideShow\",\"@id\":\"https:\\\/\\\/cursoretrospectivaanimada.com.br\\\/blog\\\/#\\\/schema\\\/person\\\/6fcdb9fb932663127a729100ea98c09c\"},\"headline\":\"Retrospectiva Animada Tema Turma da M\u00f4nica fa\u00e7a voc\u00ea mesmo\",\"datePublished\":\"2019-06-19T13:55:25+00:00\",\"dateModified\":\"2019-06-19T14:41:35+00:00\",\"mainEntityOfPage\":{\"@id\":\"https:\\\/\\\/cursoretrospectivaanimada.com.br\\\/blog\\\/retrospectiva-animada-tema-turma-da-monica-faca-voce-mesmo\\\/\"},\"wordCount\":161,\"commentCount\":0,\"image\":{\"@id\":\"https:\\\/\\\/cursoretrospectivaanimada.com.br\\\/blog\\\/retrospectiva-animada-tema-turma-da-monica-faca-voce-mesmo\\\/#primaryimage\"},\"thumbnailUrl\":\"https:\\\/\\\/cursoretrospectivaanimada.com.br\\\/blog\\\/wp-content\\\/uploads\\\/2019\\\/06\\\/Retrospectiva-Animada-Tema-Turma-da-Monica.jpg\",\"keywords\":[\"projeto proshow turma da monica\",\"RetrospectivaAnimadaTemaTurmadaM\u00f4nica\"],\"articleSection\":[\"Geral\",\"Temas para Retrospectivas Infantis\"],\"inLanguage\":\"pt-BR\",\"potentialAction\":[{\"@type\":\"CommentAction\",\"name\":\"Comment\",\"target\":[\"https:\\\/\\\/cursoretrospectivaanimada.com.br\\\/blog\\\/retrospectiva-animada-tema-turma-da-monica-faca-voce-mesmo\\\/#respond\"]}]},{\"@type\":\"WebPage\",\"@id\":\"https:\\\/\\\/cursoretrospectivaanimada.com.br\\\/blog\\\/retrospectiva-animada-tema-turma-da-monica-faca-voce-mesmo\\\/\",\"url\":\"https:\\\/\\\/cursoretrospectivaanimada.com.br\\\/blog\\\/retrospectiva-animada-tema-turma-da-monica-faca-voce-mesmo\\\/\",\"name\":\"Retrospectiva Animada Tema Turma da M\u00f4nica fa\u00e7a voc\u00ea mesmo\",\"isPartOf\":{\"@id\":\"https:\\\/\\\/cursoretrospectivaanimada.com.br\\\/blog\\\/#website\"},\"primaryImageOfPage\":{\"@id\":\"https:\\\/\\\/cursoretrospectivaanimada.com.br\\\/blog\\\/retrospectiva-animada-tema-turma-da-monica-faca-voce-mesmo\\\/#primaryimage\"},\"image\":{\"@id\":\"https:\\\/\\\/cursoretrospectivaanimada.com.br\\\/blog\\\/retrospectiva-animada-tema-turma-da-monica-faca-voce-mesmo\\\/#primaryimage\"},\"thumbnailUrl\":\"https:\\\/\\\/cursoretrospectivaanimada.com.br\\\/blog\\\/wp-content\\\/uploads\\\/2019\\\/06\\\/Retrospectiva-Animada-Tema-Turma-da-Monica.jpg\",\"datePublished\":\"2019-06-19T13:55:25+00:00\",\"dateModified\":\"2019-06-19T14:41:35+00:00\",\"author\":{\"@id\":\"https:\\\/\\\/cursoretrospectivaanimada.com.br\\\/blog\\\/#\\\/schema\\\/person\\\/6fcdb9fb932663127a729100ea98c09c\"},\"description\":\"Fa\u00e7a voc\u00ea mesmo hoje a Retrospectiva Animada Tema turma da M\u00f4nica, voc\u00ea apenas ira substituir as fotos e o projeto ser\u00e1 seu para sempre, aprenda tamb\u00e9m a ...\",\"breadcrumb\":{\"@id\":\"https:\\\/\\\/cursoretrospectivaanimada.com.br\\\/blog\\\/retrospectiva-animada-tema-turma-da-monica-faca-voce-mesmo\\\/#breadcrumb\"},\"inLanguage\":\"pt-BR\",\"potentialAction\":[{\"@type\":\"ReadAction\",\"target\":[\"https:\\\/\\\/cursoretrospectivaanimada.com.br\\\/blog\\\/retrospectiva-animada-tema-turma-da-monica-faca-voce-mesmo\\\/\"]}]},{\"@type\":\"ImageObject\",\"inLanguage\":\"pt-BR\",\"@id\":\"https:\\\/\\\/cursoretrospectivaanimada.com.br\\\/blog\\\/retrospectiva-animada-tema-turma-da-monica-faca-voce-mesmo\\\/#primaryimage\",\"url\":\"https:\\\/\\\/cursoretrospectivaanimada.com.br\\\/blog\\\/wp-content\\\/uploads\\\/2019\\\/06\\\/Retrospectiva-Animada-Tema-Turma-da-Monica.jpg\",\"contentUrl\":\"https:\\\/\\\/cursoretrospectivaanimada.com.br\\\/blog\\\/wp-content\\\/uploads\\\/2019\\\/06\\\/Retrospectiva-Animada-Tema-Turma-da-Monica.jpg\",\"width\":1280,\"height\":720,\"caption\":\"Retrospectiva-Animada-Tema-Turma-da-Monica\"},{\"@type\":\"BreadcrumbList\",\"@id\":\"https:\\\/\\\/cursoretrospectivaanimada.com.br\\\/blog\\\/retrospectiva-animada-tema-turma-da-monica-faca-voce-mesmo\\\/#breadcrumb\",\"itemListElement\":[{\"@type\":\"ListItem\",\"position\":1,\"name\":\"In\u00edcio\",\"item\":\"https:\\\/\\\/cursoretrospectivaanimada.com.br\\\/blog\\\/\"},{\"@type\":\"ListItem\",\"position\":2,\"name\":\"Retrospectiva Animada Tema Turma da M\u00f4nica fa\u00e7a voc\u00ea mesmo\"}]},{\"@type\":\"WebSite\",\"@id\":\"https:\\\/\\\/cursoretrospectivaanimada.com.br\\\/blog\\\/#website\",\"url\":\"https:\\\/\\\/cursoretrospectivaanimada.com.br\\\/blog\\\/\",\"name\":\"Blog Curso de Retrospectiva Animada SlideShow\",\"description\":\"\",\"potentialAction\":[{\"@type\":\"SearchAction\",\"target\":{\"@type\":\"EntryPoint\",\"urlTemplate\":\"https:\\\/\\\/cursoretrospectivaanimada.com.br\\\/blog\\\/?s={search_term_string}\"},\"query-input\":{\"@type\":\"PropertyValueSpecification\",\"valueRequired\":true,\"valueName\":\"search_term_string\"}}],\"inLanguage\":\"pt-BR\"},{\"@type\":\"Person\",\"@id\":\"https:\\\/\\\/cursoretrospectivaanimada.com.br\\\/blog\\\/#\\\/schema\\\/person\\\/6fcdb9fb932663127a729100ea98c09c\",\"name\":\"Curso de Retrsopectiva Animada SlideShow\",\"image\":{\"@type\":\"ImageObject\",\"inLanguage\":\"pt-BR\",\"@id\":\"https:\\\/\\\/secure.gravatar.com\\\/avatar\\\/ed36fb85fd6e4341bf125bb1feb950786c9ab5070b763b9f00c8e6a345729851?s=96&r=g\",\"url\":\"https:\\\/\\\/secure.gravatar.com\\\/avatar\\\/ed36fb85fd6e4341bf125bb1feb950786c9ab5070b763b9f00c8e6a345729851?s=96&r=g\",\"contentUrl\":\"https:\\\/\\\/secure.gravatar.com\\\/avatar\\\/ed36fb85fd6e4341bf125bb1feb950786c9ab5070b763b9f00c8e6a345729851?s=96&r=g\",\"caption\":\"Curso de Retrsopectiva Animada SlideShow\"}}]}<\/script>\n<!-- \/ Yoast SEO plugin. -->","yoast_head_json":{"title":"Retrospectiva Animada Tema Turma da M\u00f4nica fa\u00e7a voc\u00ea mesmo","description":"Fa\u00e7a voc\u00ea mesmo hoje a Retrospectiva Animada Tema turma da M\u00f4nica, voc\u00ea apenas ira substituir as fotos e o projeto ser\u00e1 seu para sempre, aprenda tamb\u00e9m a ...","robots":{"index":"index","follow":"follow","max-snippet":"max-snippet:-1","max-image-preview":"max-image-preview:large","max-video-preview":"max-video-preview:-1"},"canonical":"https:\/\/cursoretrospectivaanimada.com.br\/blog\/retrospectiva-animada-tema-turma-da-monica-faca-voce-mesmo\/","og_locale":"pt_BR","og_type":"article","og_title":"Retrospectiva Animada Tema Turma da M\u00f4nica fa\u00e7a voc\u00ea mesmo","og_description":"Fa\u00e7a voc\u00ea mesmo hoje a Retrospectiva Animada Tema turma da M\u00f4nica, voc\u00ea apenas ira substituir as fotos e o projeto ser\u00e1 seu para sempre, aprenda tamb\u00e9m a ...","og_url":"https:\/\/cursoretrospectivaanimada.com.br\/blog\/retrospectiva-animada-tema-turma-da-monica-faca-voce-mesmo\/","og_site_name":"Blog Curso de Retrospectiva Animada SlideShow","article_published_time":"2019-06-19T13:55:25+00:00","article_modified_time":"2019-06-19T14:41:35+00:00","og_image":[{"width":1280,"height":720,"url":"https:\/\/cursoretrospectivaanimada.com.br\/blog\/wp-content\/uploads\/2019\/06\/Retrospectiva-Animada-Tema-Turma-da-Monica.jpg","type":"image\/jpeg"}],"author":"Curso de Retrsopectiva Animada SlideShow","twitter_misc":{"Escrito por":"Curso de Retrsopectiva Animada SlideShow","Est. tempo de leitura":"1 minuto"},"schema":{"@context":"https:\/\/schema.org","@graph":[{"@type":"Article","@id":"https:\/\/cursoretrospectivaanimada.com.br\/blog\/retrospectiva-animada-tema-turma-da-monica-faca-voce-mesmo\/#article","isPartOf":{"@id":"https:\/\/cursoretrospectivaanimada.com.br\/blog\/retrospectiva-animada-tema-turma-da-monica-faca-voce-mesmo\/"},"author":{"name":"Curso de Retrsopectiva Animada SlideShow","@id":"https:\/\/cursoretrospectivaanimada.com.br\/blog\/#\/schema\/person\/6fcdb9fb932663127a729100ea98c09c"},"headline":"Retrospectiva Animada Tema Turma da M\u00f4nica fa\u00e7a voc\u00ea mesmo","datePublished":"2019-06-19T13:55:25+00:00","dateModified":"2019-06-19T14:41:35+00:00","mainEntityOfPage":{"@id":"https:\/\/cursoretrospectivaanimada.com.br\/blog\/retrospectiva-animada-tema-turma-da-monica-faca-voce-mesmo\/"},"wordCount":161,"commentCount":0,"image":{"@id":"https:\/\/cursoretrospectivaanimada.com.br\/blog\/retrospectiva-animada-tema-turma-da-monica-faca-voce-mesmo\/#primaryimage"},"thumbnailUrl":"https:\/\/cursoretrospectivaanimada.com.br\/blog\/wp-content\/uploads\/2019\/06\/Retrospectiva-Animada-Tema-Turma-da-Monica.jpg","keywords":["projeto proshow turma da monica","RetrospectivaAnimadaTemaTurmadaM\u00f4nica"],"articleSection":["Geral","Temas para Retrospectivas Infantis"],"inLanguage":"pt-BR","potentialAction":[{"@type":"CommentAction","name":"Comment","target":["https:\/\/cursoretrospectivaanimada.com.br\/blog\/retrospectiva-animada-tema-turma-da-monica-faca-voce-mesmo\/#respond"]}]},{"@type":"WebPage","@id":"https:\/\/cursoretrospectivaanimada.com.br\/blog\/retrospectiva-animada-tema-turma-da-monica-faca-voce-mesmo\/","url":"https:\/\/cursoretrospectivaanimada.com.br\/blog\/retrospectiva-animada-tema-turma-da-monica-faca-voce-mesmo\/","name":"Retrospectiva Animada Tema Turma da M\u00f4nica fa\u00e7a voc\u00ea mesmo","isPartOf":{"@id":"https:\/\/cursoretrospectivaanimada.com.br\/blog\/#website"},"primaryImageOfPage":{"@id":"https:\/\/cursoretrospectivaanimada.com.br\/blog\/retrospectiva-animada-tema-turma-da-monica-faca-voce-mesmo\/#primaryimage"},"image":{"@id":"https:\/\/cursoretrospectivaanimada.com.br\/blog\/retrospectiva-animada-tema-turma-da-monica-faca-voce-mesmo\/#primaryimage"},"thumbnailUrl":"https:\/\/cursoretrospectivaanimada.com.br\/blog\/wp-content\/uploads\/2019\/06\/Retrospectiva-Animada-Tema-Turma-da-Monica.jpg","datePublished":"2019-06-19T13:55:25+00:00","dateModified":"2019-06-19T14:41:35+00:00","author":{"@id":"https:\/\/cursoretrospectivaanimada.com.br\/blog\/#\/schema\/person\/6fcdb9fb932663127a729100ea98c09c"},"description":"Fa\u00e7a voc\u00ea mesmo hoje a Retrospectiva Animada Tema turma da M\u00f4nica, voc\u00ea apenas ira substituir as fotos e o projeto ser\u00e1 seu para sempre, aprenda tamb\u00e9m a ...","breadcrumb":{"@id":"https:\/\/cursoretrospectivaanimada.com.br\/blog\/retrospectiva-animada-tema-turma-da-monica-faca-voce-mesmo\/#breadcrumb"},"inLanguage":"pt-BR","potentialAction":[{"@type":"ReadAction","target":["https:\/\/cursoretrospectivaanimada.com.br\/blog\/retrospectiva-animada-tema-turma-da-monica-faca-voce-mesmo\/"]}]},{"@type":"ImageObject","inLanguage":"pt-BR","@id":"https:\/\/cursoretrospectivaanimada.com.br\/blog\/retrospectiva-animada-tema-turma-da-monica-faca-voce-mesmo\/#primaryimage","url":"https:\/\/cursoretrospectivaanimada.com.br\/blog\/wp-content\/uploads\/2019\/06\/Retrospectiva-Animada-Tema-Turma-da-Monica.jpg","contentUrl":"https:\/\/cursoretrospectivaanimada.com.br\/blog\/wp-content\/uploads\/2019\/06\/Retrospectiva-Animada-Tema-Turma-da-Monica.jpg","width":1280,"height":720,"caption":"Retrospectiva-Animada-Tema-Turma-da-Monica"},{"@type":"BreadcrumbList","@id":"https:\/\/cursoretrospectivaanimada.com.br\/blog\/retrospectiva-animada-tema-turma-da-monica-faca-voce-mesmo\/#breadcrumb","itemListElement":[{"@type":"ListItem","position":1,"name":"In\u00edcio","item":"https:\/\/cursoretrospectivaanimada.com.br\/blog\/"},{"@type":"ListItem","position":2,"name":"Retrospectiva Animada Tema Turma da M\u00f4nica fa\u00e7a voc\u00ea mesmo"}]},{"@type":"WebSite","@id":"https:\/\/cursoretrospectivaanimada.com.br\/blog\/#website","url":"https:\/\/cursoretrospectivaanimada.com.br\/blog\/","name":"Blog Curso de Retrospectiva Animada SlideShow","description":"","potentialAction":[{"@type":"SearchAction","target":{"@type":"EntryPoint","urlTemplate":"https:\/\/cursoretrospectivaanimada.com.br\/blog\/?s={search_term_string}"},"query-input":{"@type":"PropertyValueSpecification","valueRequired":true,"valueName":"search_term_string"}}],"inLanguage":"pt-BR"},{"@type":"Person","@id":"https:\/\/cursoretrospectivaanimada.com.br\/blog\/#\/schema\/person\/6fcdb9fb932663127a729100ea98c09c","name":"Curso de Retrsopectiva Animada SlideShow","image":{"@type":"ImageObject","inLanguage":"pt-BR","@id":"https:\/\/secure.gravatar.com\/avatar\/ed36fb85fd6e4341bf125bb1feb950786c9ab5070b763b9f00c8e6a345729851?s=96&r=g","url":"https:\/\/secure.gravatar.com\/avatar\/ed36fb85fd6e4341bf125bb1feb950786c9ab5070b763b9f00c8e6a345729851?s=96&r=g","contentUrl":"https:\/\/secure.gravatar.com\/avatar\/ed36fb85fd6e4341bf125bb1feb950786c9ab5070b763b9f00c8e6a345729851?s=96&r=g","caption":"Curso de Retrsopectiva Animada SlideShow"}}]}},"_links":{"self":[{"href":"https:\/\/cursoretrospectivaanimada.com.br\/blog\/wp-json\/wp\/v2\/posts\/748","targetHints":{"allow":["GET"]}}],"collection":[{"href":"https:\/\/cursoretrospectivaanimada.com.br\/blog\/wp-json\/wp\/v2\/posts"}],"about":[{"href":"https:\/\/cursoretrospectivaanimada.com.br\/blog\/wp-json\/wp\/v2\/types\/post"}],"author":[{"embeddable":true,"href":"https:\/\/cursoretrospectivaanimada.com.br\/blog\/wp-json\/wp\/v2\/users\/1"}],"replies":[{"embeddable":true,"href":"https:\/\/cursoretrospectivaanimada.com.br\/blog\/wp-json\/wp\/v2\/comments?post=748"}],"version-history":[{"count":2,"href":"https:\/\/cursoretrospectivaanimada.com.br\/blog\/wp-json\/wp\/v2\/posts\/748\/revisions"}],"predecessor-version":[{"id":753,"href":"https:\/\/cursoretrospectivaanimada.com.br\/blog\/wp-json\/wp\/v2\/posts\/748\/revisions\/753"}],"wp:featuredmedia":[{"embeddable":true,"href":"https:\/\/cursoretrospectivaanimada.com.br\/blog\/wp-json\/wp\/v2\/media\/751"}],"wp:attachment":[{"href":"https:\/\/cursoretrospectivaanimada.com.br\/blog\/wp-json\/wp\/v2\/media?parent=748"}],"wp:term":[{"taxonomy":"category","embeddable":true,"href":"https:\/\/cursoretrospectivaanimada.com.br\/blog\/wp-json\/wp\/v2\/categories?post=748"},{"taxonomy":"post_tag","embeddable":true,"href":"https:\/\/cursoretrospectivaanimada.com.br\/blog\/wp-json\/wp\/v2\/tags?post=748"}],"curies":[{"name":"wp","href":"https:\/\/api.w.org\/{rel}","templated":true}]}}